{"id":840,"date":"2024-02-15T08:00:00","date_gmt":"2024-02-15T07:00:00","guid":{"rendered":"https:\/\/gratistidning.com.hemsida.eu\/umea\/blog\/2024\/02\/15\/underskott-for-brandforsvaret-tydliggor-behov-infor-kommande-ar\/"},"modified":"2024-02-15T08:00:00","modified_gmt":"2024-02-15T07:00:00","slug":"underskott-for-brandforsvaret-tydliggor-behov-infor-kommande-ar","status":"publish","type":"post","link":"https:\/\/gratistidning.com\/umea\/blog\/2024\/02\/15\/underskott-for-brandforsvaret-tydliggor-behov-infor-kommande-ar\/","title":{"rendered":"Underskott f\u00f6r brandf\u00f6rsvaret tydligg\u00f6r behov inf\u00f6r kommande \u00e5r"},"content":{"rendered":"<div>\n<p><strong>Ume\u00e5regionens brand- och r\u00e4ddningsn\u00e4mnd redovisar ett underskott p\u00e5 2,9 miljoner kr f\u00f6r 2023. \u00c5tg\u00e4rdsplanen som togs under h\u00f6sten minskade underskottet, men en fortsatt stram budget kan riskera att leda till negativa effekter p\u00e5 f\u00f6rm\u00e5gan att genomf\u00f6ra r\u00e4ddningsinsatser. L\u00e4gg d\u00e4rtill att verksamheten beh\u00f6ver uppfylla kraven i arbetstidsdirektivet. N\u00e4mnden ser d\u00e4rf\u00f6r ett tydligt behov av en ut\u00f6kad budget f\u00f6r 2025.<\/strong><\/p>\n<p>Underskottet f\u00f6r 2023 beror till st\u00f6rsta delen p\u00e5 personalsituationen inom deltidsverksamheten (RiB), som redovisar en negativ budgetavvikelse p\u00e5 2,5 mnkr. Problem med bemanningen har medf\u00f6rt att personal beh\u00f6vt tas in p\u00e5 \u00f6vertid f\u00f6r att uppr\u00e4tth\u00e5lla f\u00f6rm\u00e5gan att rycka ut vid larm.<\/p>\n<p>\u2013 Det har varit ett anstr\u00e4ngt l\u00e4ge en l\u00e4ngre period och det h\u00e5ller inte hur l\u00e4nge som helst. Vi har medarbetare som g\u00f6r sitt yttersta och jobbar \u00f6vertid, men vi kan inte driva en samh\u00e4llsviktig verksamhet p\u00e5 det s\u00e4ttet. Vi beh\u00f6ver l\u00f6pande rekrytera fler deltidsbrandm\u00e4n, b\u00e5de f\u00f6r att kunna uppr\u00e4tth\u00e5lla beslutad beredskap och f\u00f6r att vi ska kunna beh\u00e5lla befintlig personal, s\u00e4ger Lena Karlsson Engman (S), ordf\u00f6rande i Ume\u00e5regionens brand- och r\u00e4ddningsn\u00e4mnd.<\/p>\n<h2>Ut\u00f6kad ram n\u00f6dv\u00e4ndigt<\/h2>\n<p>Inf\u00f6r n\u00e4sta \u00e5r st\u00e5r brandf\u00f6rsvaret inf\u00f6r stora utmaningar och utifr\u00e5n den f\u00f6reslagna driftramen p\u00e5 75 mnkr \u00e5r 2025 finns inte f\u00f6ruts\u00e4ttningar att fullt ut klara uppdraget. F\u00f6rutom att fler deltidsbrandm\u00e4n beh\u00f6ver rekryteras m\u00e5ste det \u00e4ven finnas f\u00f6ruts\u00e4ttningar f\u00f6r \u00f6vning och utbildning. Konsekvensen blir annars att personalen st\u00e4lls inf\u00f6r situationer som de inte kan hantera, vilket b\u00e5de \u00f6kar skaderisken och leder till s\u00e4mre insatsf\u00f6rm\u00e5ga.<\/p>\n<p>F\u00f6r att h\u00e5lla budget och uppfylla kraven i arbetstidsdirektivet beh\u00f6ver ocks\u00e5 fler heltidsanst\u00e4llda brandm\u00e4n rekryteras kommande \u00e5r. Alternativet \u00e4r att dra ner p\u00e5 bemanningen, n\u00e5got som riskerar att leda till allvarliga konsekvenser.<\/p>\n<p>\u2212 Att dra ner p\u00e5 v\u00e5r f\u00f6rm\u00e5ga att genomf\u00f6ra r\u00e4ddningsinsatser skulle vara v\u00e4ldigt olyckligt i dessa tider, n\u00e4r vi i st\u00e4llet beh\u00f6ver st\u00e4rka samh\u00e4llets beredskap. R\u00e4ddningstj\u00e4nsten har en mycket viktig roll i totalf\u00f6rsvaret och f\u00f6r samh\u00e4llets trygghet och s\u00e4kerhet. I det l\u00e4get vill vi absolut inte s\u00e4nka ambitionsniv\u00e5n, s\u00e4ger Lena Karlsson Engman (S).<\/p>\n<p>Resursbehov tillkommer ocks\u00e5 f\u00f6r att etablera den nya brandstationen p\u00e5 Tomtebo strand. Det kr\u00e4vs \u00e4ven mer resurser till arbetet med r\u00e4ddningstj\u00e4nst under h\u00f6jd beredskap och fortsatt arbete med att uppfylla lagkrav om tillsyn och ledning av r\u00e4ddningsinsatser.<\/p>\n<p>F\u00f6r att klara uppdraget bed\u00f6ms behovet vara ytterligare 17 mnkr, ut\u00f6ver den f\u00f6reslagna ramen p\u00e5 75 mnkr.<\/p>\n<h2>Kontakt<\/h2>\n<p>Lena Karlsson Engman (S)<br \/>ordf\u00f6rande Ume\u00e5regionens brand- och r\u00e4ddningsn\u00e4mnd<br \/>070-296 12 32<br \/>lena.karlsson-engman@umea.se <\/p>\n<\/div>\n<p>&#8212;&#8212;&#8212;&#8212;&#8212;&#8212;&#8212;&#8212;&#8212;&#8212;&#8212;&#8212;&#8212;&#8212;&#8212;&#8212;&#8212;&#8212;&#8212;&#8211;<br \/>\n<a href=\"https:\/\/www.mynewsdesk.com\/se\/umea\/pressreleases\/underskott-foer-brandfoersvaret-tydliggoer-behov-infoer-kommande-aar-3303843?utm_source=rss&#038;utm_medium=rss&#038;utm_campaign=Subscription&#038;utm_content=current_news\" target=\"_blank\" rel=\"noopener\">Klicka h\u00e4r &#8211; l\u00e4nk till originalinl\u00e4gget<\/a><br \/>\n<br \/>\nK\u00e4lla: Ume\u00e5 kommun<br \/>\n&#8212;&#8212;&#8212;&#8212;&#8212;&#8212;&#8212;&#8212;&#8212;&#8212;&#8212;&#8212;&#8212;&#8212;&#8212;&#8212;&#8212;&#8212;&#8212;&#8211;<\/p>\n","protected":false},"excerpt":{"rendered":"<p>Ume\u00e5regionens brand- och r\u00e4ddningsn\u00e4mnd redovisar ett underskott p\u00e5 2,9 miljoner kr f\u00f6r 2023. \u00c5tg\u00e4rdsplanen som togs under h\u00f6sten minskade underskottet, men en fortsatt stram budget kan riskera att leda till negativa effekter p\u00e5 f\u00f6rm\u00e5gan att genomf\u00f6ra r\u00e4ddningsinsatser. L\u00e4gg d\u00e4rtill att verksamheten beh\u00f6ver uppfylla kraven i arbetstidsdirektivet. N\u00e4mnden ser d\u00e4rf\u00f6r ett tydligt behov av en ut\u00f6kad [&hellip;]<\/p>\n","protected":false},"author":59,"featured_media":703,"comment_status":"closed","ping_status":"closed","sticky":false,"template":"","format":"standard","meta":{"_acf_changed":false,"footnotes":"","_links_to":"","_links_to_target":""},"categories":[52,51],"tags":[],"class_list":{"0":"post-840","1":"post","2":"type-post","3":"status-publish","4":"format-standard","5":"has-post-thumbnail","7":"category-umea-kommun","8":"category-kommunen"},"featured_image_src":"https:\/\/gratistidning.com\/umea\/wp-content\/uploads\/sites\/22\/2023\/10\/xnavad3tfyon9vvuokyd.png","blog_images":{"medium":"https:\/\/gratistidning.com\/umea\/wp-content\/uploads\/sites\/22\/2023\/10\/xnavad3tfyon9vvuokyd-300x124.png","large":"https:\/\/gratistidning.com\/umea\/wp-content\/uploads\/sites\/22\/2023\/10\/xnavad3tfyon9vvuokyd.png"},"acf":[],"ams_acf":[],"publishpress_future_action":{"enabled":false,"date":"2026-05-06 04:26:10","action":"change-status","newStatus":"draft","terms":[],"taxonomy":"category","extraData":[]},"publishpress_future_workflow_manual_trigger":{"enabledWorkflows":[]},"_links":{"self":[{"href":"https:\/\/gratistidning.com\/umea\/wp-json\/wp\/v2\/posts\/840","targetHints":{"allow":["GET"]}}],"collection":[{"href":"https:\/\/gratistidning.com\/umea\/wp-json\/wp\/v2\/posts"}],"about":[{"href":"https:\/\/gratistidning.com\/umea\/wp-json\/wp\/v2\/types\/post"}],"author":[{"embeddable":true,"href":"https:\/\/gratistidning.com\/umea\/wp-json\/wp\/v2\/users\/59"}],"replies":[{"embeddable":true,"href":"https:\/\/gratistidning.com\/umea\/wp-json\/wp\/v2\/comments?post=840"}],"version-history":[{"count":0,"href":"https:\/\/gratistidning.com\/umea\/wp-json\/wp\/v2\/posts\/840\/revisions"}],"wp:featuredmedia":[{"embeddable":true,"href":"https:\/\/gratistidning.com\/umea\/wp-json\/wp\/v2\/media\/703"}],"wp:attachment":[{"href":"https:\/\/gratistidning.com\/umea\/wp-json\/wp\/v2\/media?parent=840"}],"wp:term":[{"taxonomy":"category","embeddable":true,"href":"https:\/\/gratistidning.com\/umea\/wp-json\/wp\/v2\/categories?post=840"},{"taxonomy":"post_tag","embeddable":true,"href":"https:\/\/gratistidning.com\/umea\/wp-json\/wp\/v2\/tags?post=840"}],"curies":[{"name":"wp","href":"https:\/\/api.w.org\/{rel}","templated":true}]}}