{"id":849,"date":"2024-02-21T16:28:44","date_gmt":"2024-02-21T15:28:44","guid":{"rendered":"https:\/\/gratistidning.com.hemsida.eu\/umea\/blog\/2024\/02\/21\/behov-av-och-kostnader-for-stod-och-omsorg-fortsatter-att-oka\/"},"modified":"2024-02-21T16:28:44","modified_gmt":"2024-02-21T15:28:44","slug":"behov-av-och-kostnader-for-stod-och-omsorg-fortsatter-att-oka","status":"publish","type":"post","link":"https:\/\/gratistidning.com\/umea\/blog\/2024\/02\/21\/behov-av-och-kostnader-for-stod-och-omsorg-fortsatter-att-oka\/","title":{"rendered":"Behov av och kostnader f\u00f6r st\u00f6d och omsorg forts\u00e4tter att \u00f6ka"},"content":{"rendered":"<div>\n<p>&#8211; Vi ser att behovet av st\u00f6d och hj\u00e4lp \u00f6kar och att kostnaderna \u00f6kar. Genom att fokusera p\u00e5 tidiga och f\u00f6rebyggande insatser tror vi att det p\u00e5 sikt kommer att minska mer ingripande insatser vilket gynnar b\u00e5de ekonomin, men framf\u00f6rallt den enskilde, s\u00e4ger Andreas Lundgren (S), ordf\u00f6rande i individ- och familjen\u00e4mnden.<\/p>\n<p>&#8211; Vi kan konstatera att det \u00e4r en oerh\u00f6rd utveckling vad g\u00e4ller placeringar vilket \u00e4r mycket kostsamt f\u00f6r n\u00e4mnden. Jag tror att det finns en stor potential i att vi b\u00e5de kan minska och motverka placeringar genom att satsa mer p\u00e5 hemmaplans-l\u00f6sningar men det f\u00f6ruts\u00e4tter att vi utvecklar v\u00e5r \u00f6ppenv\u00e5rd, s\u00e4ger Hanna Lundin Jernberg (L), vice ordf\u00f6rande i individ- och familjen\u00e4mnden.<\/p>\n<p>Fler barn och unga bed\u00f6ms beh\u00f6va st\u00f6d och hj\u00e4lp. Behov av konsultst\u00f6dda familjehem och av extern institutionsv\u00e5rd \u00e4r fortsatt st\u00f6rre \u00e4n budget. Fler vuxna med skadligt bruk och beroende har varit i behov av v\u00e5rd, boende och skyddsplaceringar. Behoven av insatser enligt LSS \u00f6kar \u00e4ven det i takt med att Ume\u00e5 v\u00e4xer. Andelen ej verkst\u00e4llda beslut inom LSS (lagen om st\u00f6d och service till vissa funktionshindrade) \u00e4r fortsatt h\u00f6g. <\/p>\n<p>\u00c5rsbokslutet visar ocks\u00e5 att antalet barn i familjer som har f\u00f6rs\u00f6rjningsst\u00f6d har minskat med 19% j\u00e4mf\u00f6rt med 2022, sjukfr\u00e5nvaron (7,7%) \u00e4r l\u00e4gre j\u00e4mf\u00f6rt med 2022 (9,1%) och att verksamheterna i stor omfattning lyckats rekrytera de sommarvikarier de haft behov av. <\/p>\n<h2><strong>Minusresultat f\u00f6r budget\u00e5ret 2023<\/strong><\/h2>\n<p>N\u00e4mndens resultat f\u00f6r 2023 blev -90,2 miljoner kronor. Det \u00e4r en stor budgetavvikelse j\u00e4mf\u00f6rt med 2022 (+11,1 miljoner kronor). Resultatet beror till stor del p\u00e5 \u00f6kade kostnader f\u00f6r konsultst\u00f6dda familjehem och extern institutionsv\u00e5rd till barn och unga. Det genomsnittliga dygnspriset f\u00f6r placeringar har under 2023 \u00f6kat med 37% till f\u00f6ljd av inflation, brist p\u00e5 platser i landet samt individer med mer komplexa behov som beh\u00f6vt placeras. M\u00e4ngden unga med behov av placering har ocks\u00e5 \u00f6kat och legat p\u00e5 en konsekvent h\u00f6gre niv\u00e5 \u00e4n tidigare \u00e5r. <\/p>\n<p>\u00c4ven funktionshinderomsorgen visar ett negativt resultat till f\u00f6ljd av k\u00f6p av externa placeringar p\u00e5 boenden enligt LSS och SoL. Dessa platser beh\u00f6ver k\u00f6pas externt p\u00e5 grund av avsaknad av verksamhetslokaler inom n\u00e4mnden d\u00e5 best\u00e4llda boendeplatser ej levererats enligt plan.<\/p>\n<h2><strong>Under sammantr\u00e4det 21 februari uppm\u00e4rksammades n\u00e5gra av de verksamheter som utm\u00e4rkt sig s\u00e4rskilt under \u00e5ret:<\/strong><\/h2>\n<ul>\n<li>Beroendeenheten, behandling f\u00f6r bruk, riskbruk och beroende av alkohol och\/eller droger<\/li>\n<li>Natteamet, individanpassat st\u00f6d nattetid till personer med psykisk oh\u00e4lsa<\/li>\n<li>Administrationen, administrativt st\u00f6d till socialtj\u00e4nsten och bemannar receptionen i socialtj\u00e4nstens hus<\/li>\n<li>Personalpoolen inom personlig assistans<\/li>\n<\/ul>\n<h2><strong>Mer information<\/strong><\/h2>\n<p>Andreas Lundgren (S)<br \/>ordf\u00f6rande<br \/>individ- och familjen\u00e4mnden<br \/>Ume\u00e5 kommun<br \/>070-330 63 24<br \/><a href=\"https:\/\/www.mynewsdesk.com\/se\/umea\/pressreleases\/mailto:andreas.lundgren@umea.se\" target=\"_blank\" rel=\"nofollow noopener\">andreas.lundgren@umea.se<\/a><\/p>\n<p>Hanna Lundin Jernberg (L)<br \/>vice ordf\u00f6rande<br \/>individ- och familjen\u00e4mnden<br \/>Ume\u00e5 kommun<br \/>070-206 70 81<br \/><a href=\"https:\/\/www.mynewsdesk.com\/se\/umea\/pressreleases\/mailto:hanna.lundinjernberg@umea.se\" target=\"_blank\" rel=\"nofollow noopener\">hanna.lundinjernberg@umea.se<\/a><\/p>\n<\/div>\n<p>&#8212;&#8212;&#8212;&#8212;&#8212;&#8212;&#8212;&#8212;&#8212;&#8212;&#8212;&#8212;&#8212;&#8212;&#8212;&#8212;&#8212;&#8212;&#8212;&#8211;<br \/>\n<a href=\"https:\/\/www.mynewsdesk.com\/se\/umea\/pressreleases\/behov-av-och-kostnader-foer-stoed-och-omsorg-fortsaetter-att-oeka-3305480?utm_source=rss&#038;utm_medium=rss&#038;utm_campaign=Subscription&#038;utm_content=current_news\" target=\"_blank\" rel=\"noopener\">Klicka h\u00e4r &#8211; l\u00e4nk till originalinl\u00e4gget<\/a><br \/>\n<br \/>\nK\u00e4lla: Ume\u00e5 kommun<br \/>\n&#8212;&#8212;&#8212;&#8212;&#8212;&#8212;&#8212;&#8212;&#8212;&#8212;&#8212;&#8212;&#8212;&#8212;&#8212;&#8212;&#8212;&#8212;&#8212;&#8211;<\/p>\n","protected":false},"excerpt":{"rendered":"<p>&#8211; Vi ser att behovet av st\u00f6d och hj\u00e4lp \u00f6kar och att kostnaderna \u00f6kar. Genom att fokusera p\u00e5 tidiga och f\u00f6rebyggande insatser tror vi att det p\u00e5 sikt kommer att minska mer ingripande insatser vilket gynnar b\u00e5de ekonomin, men framf\u00f6rallt den enskilde, s\u00e4ger Andreas Lundgren (S), ordf\u00f6rande i individ- och familjen\u00e4mnden. &#8211; Vi kan konstatera [&hellip;]<\/p>\n","protected":false},"author":59,"featured_media":703,"comment_status":"closed","ping_status":"closed","sticky":false,"template":"","format":"standard","meta":{"_acf_changed":false,"footnotes":"","_links_to":"","_links_to_target":""},"categories":[52,51],"tags":[],"class_list":{"0":"post-849","1":"post","2":"type-post","3":"status-publish","4":"format-standard","5":"has-post-thumbnail","7":"category-umea-kommun","8":"category-kommunen"},"featured_image_src":"https:\/\/gratistidning.com\/umea\/wp-content\/uploads\/sites\/22\/2023\/10\/xnavad3tfyon9vvuokyd.png","blog_images":{"medium":"https:\/\/gratistidning.com\/umea\/wp-content\/uploads\/sites\/22\/2023\/10\/xnavad3tfyon9vvuokyd-300x124.png","large":"https:\/\/gratistidning.com\/umea\/wp-content\/uploads\/sites\/22\/2023\/10\/xnavad3tfyon9vvuokyd.png"},"acf":[],"ams_acf":[],"publishpress_future_action":{"enabled":false,"date":"2026-05-06 12:22:26","action":"change-status","newStatus":"draft","terms":[],"taxonomy":"category","extraData":[]},"publishpress_future_workflow_manual_trigger":{"enabledWorkflows":[]},"_links":{"self":[{"href":"https:\/\/gratistidning.com\/umea\/wp-json\/wp\/v2\/posts\/849","targetHints":{"allow":["GET"]}}],"collection":[{"href":"https:\/\/gratistidning.com\/umea\/wp-json\/wp\/v2\/posts"}],"about":[{"href":"https:\/\/gratistidning.com\/umea\/wp-json\/wp\/v2\/types\/post"}],"author":[{"embeddable":true,"href":"https:\/\/gratistidning.com\/umea\/wp-json\/wp\/v2\/users\/59"}],"replies":[{"embeddable":true,"href":"https:\/\/gratistidning.com\/umea\/wp-json\/wp\/v2\/comments?post=849"}],"version-history":[{"count":0,"href":"https:\/\/gratistidning.com\/umea\/wp-json\/wp\/v2\/posts\/849\/revisions"}],"wp:featuredmedia":[{"embeddable":true,"href":"https:\/\/gratistidning.com\/umea\/wp-json\/wp\/v2\/media\/703"}],"wp:attachment":[{"href":"https:\/\/gratistidning.com\/umea\/wp-json\/wp\/v2\/media?parent=849"}],"wp:term":[{"taxonomy":"category","embeddable":true,"href":"https:\/\/gratistidning.com\/umea\/wp-json\/wp\/v2\/categories?post=849"},{"taxonomy":"post_tag","embeddable":true,"href":"https:\/\/gratistidning.com\/umea\/wp-json\/wp\/v2\/tags?post=849"}],"curies":[{"name":"wp","href":"https:\/\/api.w.org\/{rel}","templated":true}]}}