{"id":850,"date":"2024-02-22T06:51:51","date_gmt":"2024-02-22T05:51:51","guid":{"rendered":"https:\/\/gratistidning.com.hemsida.eu\/umea\/blog\/2024\/02\/22\/fritidsnamnden-gor-ett-underskott-trots-okade-intakter\/"},"modified":"2024-02-22T06:51:51","modified_gmt":"2024-02-22T05:51:51","slug":"fritidsnamnden-gor-ett-underskott-trots-okade-intakter","status":"publish","type":"post","link":"https:\/\/gratistidning.com\/umea\/blog\/2024\/02\/22\/fritidsnamnden-gor-ett-underskott-trots-okade-intakter\/","title":{"rendered":"Fritidsn\u00e4mnden g\u00f6r ett underskott trots \u00f6kade int\u00e4kter"},"content":{"rendered":"<div>\n<p><strong>Fritidsn\u00e4mndens verksamhetsuppf\u00f6ljning f\u00f6r 2023 \u00e4r klar och visar ett underskott p\u00e5 cirka 5,3 miljoner kronor d\u00e4r drygt 4,1 miljoner avser SM-veckan. \u00c4ven inflationen p\u00e5verkade resultatet negativt. Mer positivt var att n\u00e4mndens int\u00e4kter \u00f6kade under \u00e5ret vilket bland annat beror p\u00e5 att antalet uthyrda timmar i anl\u00e4ggningar \u00f6kat.<\/strong><\/p>\n<p>SM-veckan, som genomf\u00f6rdes i Ume\u00e5 sommaren 2023, dras med ett underskott p\u00e5 grund av framf\u00f6rallt \u00f6kade kostnader f\u00f6r el och fiberdragning f\u00f6r SVT samt anpassningar av arenor. Underskottet belastar fritidsn\u00e4mndens resultat och d\u00e4rf\u00f6r beg\u00e4r n\u00e4mnden en hemst\u00e4llan hos kommunstyrelsen att skriva av det i \u00e5rsbokslutet.<\/p>\n<p>N\u00e4mndens kostnader visar en negativ avvikelse mot budget p\u00e5 drygt 7 miljoner kronor. Detta v\u00e4gs upp av \u00f6kade int\u00e4kter som visar en positiv avvikelse mot budget p\u00e5 cirka 6 miljoner kronor vilket bland annat beror p\u00e5 \u00f6kad uthyrning av anl\u00e4ggningar och tillf\u00e4lliga int\u00e4kter f\u00f6r projekt. <\/p>\n<p>\u2013 Vi bed\u00f6mer att 2023 \u00e4r det f\u00f6rsta normala \u00e5ret efter pandemin d\u00e5 vi kunnat h\u00e5lla alla v\u00e5ra anl\u00e4ggningar \u00f6ppna och antalet uthyrda timmar har \u00f6kat med cirka 15 procent j\u00e4mf\u00f6rt med 2022. Att Nolia-m\u00e4ssan h\u00f6lls i Ume\u00e5 under \u00e5ret har ocks\u00e5 bidragit till det, s\u00e4ger Ari Leinonen (S), ordf\u00f6rande fritidsn\u00e4mnden.<\/p>\n<p>Underskottet i fritidsn\u00e4mndens ordinarie verksamhet, cirka 1,1 miljoner kronor, beror fr\u00e4mst p\u00e5 inflationen med stora kostnads\u00f6kningar p\u00e5 bland annat el, lokalhyra, fj\u00e4rrv\u00e4rme och drivmedel. Badverksamheten g\u00f6r ett underskott p\u00e5 drygt 6,5 miljoner kronor vilket fr\u00e4mst beror p\u00e5 inflationen men ocks\u00e5 uteblivna int\u00e4kter d\u00e5 Navet h\u00f6lls st\u00e4ngt f\u00f6r allm\u00e4nheten under SM-veckan och Storsj\u00f6hallen h\u00f6ll st\u00e4ngt vid ombyggnation av reception och restaurang. \u00d6vriga badanl\u00e4ggningar n\u00e5dde sina int\u00e4ktskrav.<\/p>\n<h2>Budget f\u00f6r investeringar<\/h2>\n<p>Av investeringsbudgeten p\u00e5 cirka 15,9 miljoner kronor anv\u00e4ndes knappt 7,9. Det beror fr\u00e4mst p\u00e5 att upphandlingen av tv\u00e5 konstgr\u00e4splaner som skulle bytas ut blev \u00f6verklagad och arbetet hanns inte med under 2023. Bytet av konstgr\u00e4sen kommer ist\u00e4llet att ske under 2024. Budgeten f\u00f6r bygga p\u00e5 Norrbysk\u00e4r upparbetades inte och \u00f6verskottet p\u00e5 drygt 1 miljon kronor f\u00f6resl\u00e5s ombudgeteras till 2024.<\/p>\n<h2>Fokusomr\u00e5den inom program f\u00f6r social h\u00e5llbarhet<\/h2>\n<p>Program f\u00f6r sociala h\u00e5llbarhet syftar till att bidra till att uppn\u00e5 kommunens ambitioner att motverka \u00f6kade skillnader mellan medborgarna genom att bygga kommunen och verksamheterna s\u00e5 j\u00e4mlikt och j\u00e4mst\u00e4llt som m\u00f6jligt och aktivt arbeta f\u00f6r att skapa goda livsvillkor f\u00f6r alla. Fritidsn\u00e4mnden bidrar p\u00e5 flera olika s\u00e4tt, under 2023 har man bland annat genomf\u00f6rt projektet <em>P\u00e5 ungas hemmaplan<\/em> f\u00f6r att testa en metod f\u00f6r att motverka ungdomskriminalitet i ett tidigt skede och fr\u00e4mja goda relationer mellan Fritid, polis och ungdomar. Inom lovsatsningen arrangerar Fritid, andra f\u00f6rvaltningar och f\u00f6reningar aktiviteter f\u00f6r barn och unga under skolornas lov. F\u00f6reningslivet beviljas st\u00f6d f\u00f6r lovaktiviteter och under 2023 genomf\u00f6rdes cirka 40 aktiviteter varav h\u00e4lften p\u00e5 sommarlovet.<\/p>\n<p>Under 2023 har fritidsn\u00e4mnden \u00e4ven st\u00f6ttat f\u00f6reningslivet med cirka 30 miljoner kronor i form av olika f\u00f6reningsst\u00f6d samt med subventionerad hyra av bad- och idrottsanl\u00e4ggningar f\u00f6r att m\u00f6jligg\u00f6ra en bredd av aktiviteter i kommunen. Cirka 60 procent Ume\u00e5 kommuns barn och ungdomar har deltagit i en f\u00f6reningsverksamhet med aktivitetsbidrag.<\/p>\n<p>\u2013 F\u00f6reningslivet med dess ideella krafter \u00e4r en grundpelare i v\u00e5rt samh\u00e4lle och vi i fritidsn\u00e4mnden har under 2023 bland annat beviljat driftsbidrag till cirka 100 f\u00f6reningar f\u00f6r att m\u00f6jligg\u00f6ra aktivitetsytor f\u00f6r barn, ungdomar och vuxna i sin n\u00e4rmilj\u00f6, s\u00e4ger Joline G\u00f6ttfert (M), vice ordf\u00f6rande fritidsn\u00e4mnden.<\/p>\n<h2>Minskad sjukfr\u00e5nvaro inom f\u00f6rvaltningen<\/h2>\n<p>Fritids samtliga verksamheter arbetar med organisatorisk social arbetsmilj\u00f6 och 2023 \u00e5rs medarbetarenk\u00e4t visar p\u00e5 en h\u00f6g upplevelse av trivsel och en god arbetsmilj\u00f6 inom f\u00f6rvaltningen. Under \u00e5ret har sjukfr\u00e5nvaron f\u00f6rb\u00e4ttrats j\u00e4mf\u00f6rt med f\u00f6reg\u00e5ende \u00e5r (4,8 procent j\u00e4mf\u00f6rt med 5,9 procent) och s\u00e5 \u00e4ven andelen l\u00e5ngtidsfriska (65 procent 2023 j\u00e4mf\u00f6rt med 55 procent 2022). Det som p\u00e5verkar b\u00e5de korttidsfr\u00e5nvaro och andel l\u00e5ngtidsfriska \u00e4r de m\u00e5nga virussjukdomar som drabbat medarbetarna under \u00e5ret.<\/p>\n<p>Andelen heltidsanst\u00e4llda (90 procent) och tillsvidareanst\u00e4llda (93 procent) ligger klart \u00f6ver uppsatta m\u00e5l f\u00f6r 2023. All nyrekrytering sker med erbjudande om heltidsanst\u00e4llning.<\/p>\n<h2>Mer information<\/h2>\n<p>Ari Leinonen (S)<br \/>ordf\u00f6rande<br \/>fritidsn\u00e4mnden <br \/>070-567 92 14<br \/><a href=\"https:\/\/www.mynewsdesk.com\/se\/umea\/pressreleases\/mailto:ari.leinonen@umea.se\" target=\"_blank\" rel=\"nofollow noopener\">ari.leinonen@umea.se<\/a><\/p>\n<p>Joline G\u00f6ttfert (M)<br \/>vice ordf\u00f6rande<br \/>fritidsn\u00e4mnden<br \/>070-750 08 13<br \/><a href=\"https:\/\/www.mynewsdesk.com\/se\/umea\/pressreleases\/mailto:joline.gottfert@umea.se\" target=\"_blank\" rel=\"nofollow noopener\">joline.gottfert@umea.se<\/a><\/p>\n<p>Stefan Hildingsson<br \/>fritidsdirekt\u00f6r<br \/>070-343 26 80<br \/><a href=\"https:\/\/www.mynewsdesk.com\/se\/umea\/pressreleases\/mailto:stefan.hildingsson@umea.se\" target=\"_blank\" rel=\"nofollow noopener\">stefan.hildingsson@umea.se<\/a><\/p>\n<\/div>\n<p>&#8212;&#8212;&#8212;&#8212;&#8212;&#8212;&#8212;&#8212;&#8212;&#8212;&#8212;&#8212;&#8212;&#8212;&#8212;&#8212;&#8212;&#8212;&#8212;&#8211;<br \/>\n<a href=\"https:\/\/www.mynewsdesk.com\/se\/umea\/pressreleases\/fritidsnaemnden-goer-ett-underskott-trots-oekade-intaekter-3305484?utm_source=rss&#038;utm_medium=rss&#038;utm_campaign=Subscription&#038;utm_content=current_news\" target=\"_blank\" rel=\"noopener\">Klicka h\u00e4r &#8211; l\u00e4nk till originalinl\u00e4gget<\/a><br \/>\n<br \/>\nK\u00e4lla: Ume\u00e5 kommun<br \/>\n&#8212;&#8212;&#8212;&#8212;&#8212;&#8212;&#8212;&#8212;&#8212;&#8212;&#8212;&#8212;&#8212;&#8212;&#8212;&#8212;&#8212;&#8212;&#8212;&#8211;<\/p>\n","protected":false},"excerpt":{"rendered":"<p>Fritidsn\u00e4mndens verksamhetsuppf\u00f6ljning f\u00f6r 2023 \u00e4r klar och visar ett underskott p\u00e5 cirka 5,3 miljoner kronor d\u00e4r drygt 4,1 miljoner avser SM-veckan. \u00c4ven inflationen p\u00e5verkade resultatet negativt. Mer positivt var att n\u00e4mndens int\u00e4kter \u00f6kade under \u00e5ret vilket bland annat beror p\u00e5 att antalet uthyrda timmar i anl\u00e4ggningar \u00f6kat. SM-veckan, som genomf\u00f6rdes i Ume\u00e5 sommaren 2023, dras [&hellip;]<\/p>\n","protected":false},"author":59,"featured_media":703,"comment_status":"closed","ping_status":"closed","sticky":false,"template":"","format":"standard","meta":{"_acf_changed":false,"footnotes":"","_links_to":"","_links_to_target":""},"categories":[52,51],"tags":[],"class_list":{"0":"post-850","1":"post","2":"type-post","3":"status-publish","4":"format-standard","5":"has-post-thumbnail","7":"category-umea-kommun","8":"category-kommunen"},"featured_image_src":"https:\/\/gratistidning.com\/umea\/wp-content\/uploads\/sites\/22\/2023\/10\/xnavad3tfyon9vvuokyd.png","blog_images":{"medium":"https:\/\/gratistidning.com\/umea\/wp-content\/uploads\/sites\/22\/2023\/10\/xnavad3tfyon9vvuokyd-300x124.png","large":"https:\/\/gratistidning.com\/umea\/wp-content\/uploads\/sites\/22\/2023\/10\/xnavad3tfyon9vvuokyd.png"},"acf":[],"ams_acf":[],"publishpress_future_action":{"enabled":false,"date":"2026-05-06 16:44:14","action":"change-status","newStatus":"draft","terms":[],"taxonomy":"category","extraData":[]},"publishpress_future_workflow_manual_trigger":{"enabledWorkflows":[]},"_links":{"self":[{"href":"https:\/\/gratistidning.com\/umea\/wp-json\/wp\/v2\/posts\/850","targetHints":{"allow":["GET"]}}],"collection":[{"href":"https:\/\/gratistidning.com\/umea\/wp-json\/wp\/v2\/posts"}],"about":[{"href":"https:\/\/gratistidning.com\/umea\/wp-json\/wp\/v2\/types\/post"}],"author":[{"embeddable":true,"href":"https:\/\/gratistidning.com\/umea\/wp-json\/wp\/v2\/users\/59"}],"replies":[{"embeddable":true,"href":"https:\/\/gratistidning.com\/umea\/wp-json\/wp\/v2\/comments?post=850"}],"version-history":[{"count":0,"href":"https:\/\/gratistidning.com\/umea\/wp-json\/wp\/v2\/posts\/850\/revisions"}],"wp:featuredmedia":[{"embeddable":true,"href":"https:\/\/gratistidning.com\/umea\/wp-json\/wp\/v2\/media\/703"}],"wp:attachment":[{"href":"https:\/\/gratistidning.com\/umea\/wp-json\/wp\/v2\/media?parent=850"}],"wp:term":[{"taxonomy":"category","embeddable":true,"href":"https:\/\/gratistidning.com\/umea\/wp-json\/wp\/v2\/categories?post=850"},{"taxonomy":"post_tag","embeddable":true,"href":"https:\/\/gratistidning.com\/umea\/wp-json\/wp\/v2\/tags?post=850"}],"curies":[{"name":"wp","href":"https:\/\/api.w.org\/{rel}","templated":true}]}}